{"id":348816,"date":"2025-04-17T07:08:57","date_gmt":"2025-04-17T07:08:57","guid":{"rendered":"https:\/\/publicsector.ch\/?p=348816"},"modified":"2025-07-22T09:24:11","modified_gmt":"2025-07-22T09:24:11","slug":"umsetzung-des-gesundheitsberufegesetzes-das-update-zum-update","status":"publish","type":"post","link":"https:\/\/publicsector.ch\/en\/umsetzung-des-gesundheitsberufegesetzes-das-update-zum-update\/","title":{"rendered":"Umsetzung des Gesundheitsberufegesetzes: das Update zum Update"},"content":{"rendered":"<p><strong>Unser <a href=\"https:\/\/web.swissnewsletter.ch\/e\/8701c9de30ebc427\/de\/form\/ec3745ce-01ea-47b1-b7bc-e83ee5822084.html\">Detector<\/a> hat schon zuvor Probleme bei der Regulierung der Gesundheitsberufe geortet. Nun hat der Ablauf der \u00dcbergangsfrist im Gesundheitsberufegesetz eine Welle von juristischen Entwicklungen ausgel\u00f6st. H\u00f6chste Zeit f\u00fcr einen \u00dcberblick und neue Links zur aktuellen Situation.<\/strong><\/p>\n<p>von <strong>Philipp do Canto<\/strong><\/p>\n<p>Obwohl der Tag nach wie vor 24 Stunden hat, dreht sich die Erde immer schneller. Was f\u00fcr die Weltpolitik gilt, trifft auch auf das Schweizer Gesundheitswesen zu. Seit am 31. Januar um Mitternacht eine \u00dcbergangsfrist in <a href=\"https:\/\/www.fedlex.admin.ch\/eli\/cc\/2020\/16\/de#art_34\">Artikel 34 des Gesundheitsberufegesetzes GesBG<\/a> abgelaufen ist, \u00fcberschlagen sich nachgerade die rechtlichen Ereignisse.<\/p>\n<p>Zun\u00e4chst hat das Bundesverwaltungsgericht in kurzer Zeit \u00fcber ein halbes Dutzend <a href=\"https:\/\/bvger.weblaw.ch\/dashboard?guiLanguage=de&amp;q=osteopathie&amp;sort-field=relevance&amp;sort-direction=relevance\">Urteile zu Anerkennungsgesuchen<\/a> f\u00fcr ausl\u00e4ndische Diplome in Osteopathie erlassen. In den erfolgreichen Beschwerden kritisierten die St. Galler Richterinnen und Richter das zust\u00e4ndige Schweizerische <a href=\"https:\/\/www.redcross.ch\/de\/unser-angebot\/gesundheitsberufe-anerkennung-und-registrierung\/anerkennung-auslaendischer-diplome\">Rote Kreuz<\/a> \u2013 nicht zum ersten Mal. Der <a href=\"https:\/\/www.tagesanzeiger.ch\/osteopathie-hunderte-bangen-wegen-berufsbewilligung-um-ihre-zukunft-198807391348\">Tagesanzeiger,<\/a> der <a href=\"https:\/\/www.blick.ch\/schweiz\/anerkennung-von-diplom-deutsche-osteopathin-erringt-etappensieg-vor-schweizer-gericht-id20583908.html\">Blick<\/a>, das <a href=\"https:\/\/www.srf.ch\/play\/tv\/tagesschau\/video\/streit-um-anerkennung-auslaendischer-osteopathie-diplome?urn=urn:srf:video:490063f4-ac7d-409f-87a4-32df66db98d6\">Schweizer Fernsehen<\/a> u.a. berichteten (Links z.T. zahlungspflichtig).<\/p>\n<h4><strong>Eine tragbare Praxis f\u00fcr Praxen<\/strong><\/h4>\n<p>Im Kern geht um die Bewilligungspflicht f\u00fcr die eigenverantwortliche Berufsaus\u00fcbung in den <a href=\"https:\/\/www.fedlex.admin.ch\/eli\/cc\/2020\/16\/de#art_2\">Fachbereichen<\/a> des GesBG. Wegen der Auslegungsbed\u00fcrftigkeit des Begriffs der \u201efachlich eigenverantwortlichen T\u00e4tigkeit\u201c besteht auch f\u00fcnf Jahre nach Einf\u00fchrung des Gesetzes noch Unklarheit \u00fcber die Anwendung in der Praxis. Gilt die Bewilligungsregel nur f\u00fcr Praxisverantwortliche oder f\u00fcr alle Fachpersonen, die ihre Hand an die Patienten legen?<\/p>\n<p>Die Z\u00fcrcher Gesundheitsdirektorin Nathalie Rickli hat noch im Winter einen Marschhalt verf\u00fcgt, um die <a href=\"https:\/\/www.zh.ch\/de\/news-uebersicht\/medienmitteilungen\/2025\/04\/umsetzung-des-gesundheitsberufegesetzes-im-kanton-zuerich-neu-definiert.html\">Umsetzung des GesBG<\/a> n\u00e4her zu pr\u00fcfen. Sie hat ein Rechtsgutachten von unserm gesch\u00e4tzten Kollegen <a href=\"https:\/\/www.werdervigano.ch\/team\/gregori-werder\">Gregori Werde<\/a>r \u00fcber die Trennlinie zwischen fachlich eigenverantwortlicher T\u00e4tigkeit und unselbst\u00e4ndiger T\u00e4tigkeit in Auftrag zu geben. Das Gutachten \u00f6ffnet die erforderlichen Spielr\u00e4ume f\u00fcr Praxen, auch nichtselbst\u00e4ndige Fachpersonen ohne Bewilligung arbeiten zu lassen.<\/p>\n<p>Die Unterscheidung ist keineswegs nur f\u00fcr Rechtsabteilungen bedeutsam. Im Gegenteil: In einigen Spitexbetrieben und Physiotherapiepraxen sei es zu Inspektionen gekommen, bei denen angestellte Pflegende ohne Berufsaus\u00fcbungsbewilligung oder ohne anerkanntes Schweizer Diplom von der T\u00e4tigkeit ausgeschlossen werden sollten. Dies hat in der ohnehin stark unter Druck stehenden Branche <a href=\"https:\/\/www.medinside.ch\/pflege,-physio,-hebammen-bewilligungspflicht-steht-landesweit-zur-debatte-20250416\">erheblichen Widerstand<\/a> ausgel\u00f6st. Zudem haben die Zusatzversicherungen begonnen, ihre Therapeutinnenlisten zu \u00abbereinigen\u00bb. Selbst\u00e4ndigen ohne Berufsaus\u00fcbungsbewilligung droht die Streichung von der Liste. Dies ist der harte Boden der Realit\u00e4t f\u00fcr Therapeuten, aber auch f\u00fcr Patientinnen, die die Behandlungen nurmehr aus dem eigenen Portemonnaie berappen m\u00fcssen.<\/p>\n<h4><strong>Politisches Hin-und-Her<\/strong><\/h4>\n<p>Auch unsere Parlamentarierinnen waren aktiv und reichten <a href=\"https:\/\/www.parlament.ch\/de\/ratsbetrieb\/suche-curia-vista\/geschaeft?AffairId=20253385\">Interpellationen und Fragen<\/a> zur mangelnden Aufsicht \u00fcber das SRK als Anerkennungsbeh\u00f6rde ein. Die bisherigen Antworten des Bundesrates sind jedoch s\u00fcffisant: Seit der Verabschiedung des GesBG h\u00e4tten die betroffenen Fachpersonen ja mehr als acht Jahre Zeit gehabt, um sich an die neuen Anforderungen anzupassen. In der Osteopathie trifft das leider nur f\u00fcr die Westschweiz zu. In der Deutschschweiz gibt es n\u00e4mlich erst seit im Herbst 2026 den <a href=\"https:\/\/www.ffhs.ch\/de\/master\/msc-in-osteopathie\">ersten Masterstudiengang.<\/a> Wer kein Franz\u00f6sisch kann, bleibt aussen vor. Eins zu null f\u00fcr die B\u00fcrokratie gegen die Gesundheitsversorgung. Das Gesetz selbst diskriminiert die deutsche und italienische Schweiz.<\/p>\n<p>Da dies nur der Public Sector Detector ist und nicht der <a href=\"https:\/\/www.schulthess.com\/buchshop\/fachkatalog\/kommentare\/berner-kommentar\">Berner Kommenta<\/a>r, wird der stete Fluss juristischer Dokumente hier nicht vertieft. Wer \u00fcber Ostern eine <a href=\"https:\/\/www.bankgeheimnisse.ch\/web\/\">Sitzbank<\/a> unter bl\u00fchendem Flieder findet, m\u00f6ge sich entschleunigend der Lekt\u00fcre eines Urteils oder Gutachtens widmen.<\/p>\n<p>Ausblick: In der Angelegenheit sind u.a. noch Verfahren beim Bundesgericht h\u00e4ngig. Damit wird uns das Thema auch in einem k\u00fcnftigen Update besch\u00e4ftigen.<\/p>\n<p>&nbsp;<\/p>\n<p><em>Blogposts direkt in die Inbox erhalten? <a href=\"https:\/\/web.swissnewsletter.ch\/e\/8701c9de30ebc427\/de\/form\/ec3745ce-01ea-47b1-b7bc-e83ee5822084.html\">HIER<\/a> k\u00f6nnen Sie sich f\u00fcr unseren Newsletter anmelden.<\/em><\/p>\n<p>&nbsp;<\/p>\n<p><em>Bild: A. Sochnev<\/em><\/p>","protected":false},"excerpt":{"rendered":"<p>Unser Detector hat schon zuvor Probleme bei der Regulierung der Gesundheitsberufe geortet. Nun hat der Ablauf der \u00dcbergangsfrist im Gesundheitsberufegesetz eine Welle von juristischen Entwicklungen ausgel\u00f6st. H\u00f6chste Zeit f\u00fcr einen \u00dcberblick und neue Links zur aktuellen Situation. von Philipp do Canto Obwohl der Tag nach wie vor 24 Stunden hat, dreht sich die Erde immer [&hellip;]<\/p>\n","protected":false},"author":10,"featured_media":348817,"comment_status":"closed","ping_status":"open","sticky":false,"template":"","format":"standard","meta":{"footnotes":""},"categories":[1,26,22,23,25,101,20,111],"tags":[],"class_list":["post-348816","post","type-post","status-publish","format-standard","has-post-thumbnail","hentry","category-andere","category-bildungsrecht","category-compliance","category-gesundheitsrecht","category-grundrechte","category-job","category-regulierung-im-digitalen-zeitalter","category-staatsrecht"],"_links":{"self":[{"href":"https:\/\/publicsector.ch\/en\/wp-json\/wp\/v2\/posts\/348816","targetHints":{"allow":["GET"]}}],"collection":[{"href":"https:\/\/publicsector.ch\/en\/wp-json\/wp\/v2\/posts"}],"about":[{"href":"https:\/\/publicsector.ch\/en\/wp-json\/wp\/v2\/types\/post"}],"author":[{"embeddable":true,"href":"https:\/\/publicsector.ch\/en\/wp-json\/wp\/v2\/users\/10"}],"replies":[{"embeddable":true,"href":"https:\/\/publicsector.ch\/en\/wp-json\/wp\/v2\/comments?post=348816"}],"version-history":[{"count":9,"href":"https:\/\/publicsector.ch\/en\/wp-json\/wp\/v2\/posts\/348816\/revisions"}],"predecessor-version":[{"id":348944,"href":"https:\/\/publicsector.ch\/en\/wp-json\/wp\/v2\/posts\/348816\/revisions\/348944"}],"wp:featuredmedia":[{"embeddable":true,"href":"https:\/\/publicsector.ch\/en\/wp-json\/wp\/v2\/media\/348817"}],"wp:attachment":[{"href":"https:\/\/publicsector.ch\/en\/wp-json\/wp\/v2\/media?parent=348816"}],"wp:term":[{"taxonomy":"category","embeddable":true,"href":"https:\/\/publicsector.ch\/en\/wp-json\/wp\/v2\/categories?post=348816"},{"taxonomy":"post_tag","embeddable":true,"href":"https:\/\/publicsector.ch\/en\/wp-json\/wp\/v2\/tags?post=348816"}],"curies":[{"name":"wp","href":"https:\/\/api.w.org\/{rel}","templated":true}]}}