{"id":348777,"date":"2025-02-25T14:44:24","date_gmt":"2025-02-25T14:44:24","guid":{"rendered":"https:\/\/publicsector.ch\/?p=348777"},"modified":"2025-07-22T09:24:36","modified_gmt":"2025-07-22T09:24:36","slug":"ueberleben-die-verwaltungsgerichte-den-saegemann","status":"publish","type":"post","link":"https:\/\/publicsector.ch\/en\/ueberleben-die-verwaltungsgerichte-den-saegemann\/","title":{"rendered":"S\u00e4gemann vs. Verwaltungsjustiz"},"content":{"rendered":"<p><strong>In der polarisierten Politwelt steigen die Risiken f\u00fcr die Unabh\u00e4ngigkeit der Judikative. Sind Gerichtsurteile \u00fcber Verwaltungsakte nicht auf der Regierungslinie, werden sie als ideologisch gebrandmarkt. Nach einigen mitteleurop\u00e4ischen Staaten d\u00fcrfte nun auch Washington die Gewaltentrennung schw\u00e4chen. Wie sicher sind die Verwaltungsgerichte in der Schweiz?<\/strong><\/p>\n<p>von <strong>Philipp do Canto<\/strong><\/p>\n<p>Seit die neue US-Administration das Zepter bzw. die modische <a href=\"https:\/\/apnews.com\/article\/musk-chainsaw-trump-doge-6568e9e0cfc42ad6cdcfd58a409eb312\">Kettens\u00e4ge <\/a>schwingt, w\u00e4chst das Interesse an Verfassungsfragen. Selbst der <a href=\"https:\/\/youtu.be\/IdygrcFcyyY?si=xVBdMzC7JdInrOlb&amp;t=729\">Talkmaster Jon Steward greift<\/a> in seiner Show das Prinzip der Gewaltenteilung auf, wenn auch auf komische Art. Anlass bildet die eher humorlose Behauptung des US-Vizepr\u00e4sidenten, wonach es Gerichten nicht gestattet sein soll, die rechtm\u00e4ssige Machtaus\u00fcbung der Exekutive zu \u00fcberpr\u00fcfen: \u00abJudges aren\u2019t allowed to control the executive\u2019s legitimate power\u00bb.<\/p>\n<h4>Gerichte als Bollwerk der Betroffenen<\/h4>\n<p>Der Angriff auf die Verwaltungsgerichte \u00fcberrascht nicht. Bereits vor der US-Amts\u00fcbernahme stand fest, dass sich Betroffene mittels Beschwerden gegen Anordnungen Washingtons zur Wehr setzen werden. In <a href=\"https:\/\/www.aclu.org\/court-cases\">einigen F\u00e4llen<\/a> wurde die Administration denn auch bereits von Richterinnen und Richtern zur\u00fcckgepfiffen. Was liegt dann f\u00fcr eine Regierung n\u00e4her, als der Judikative das Recht auf Verwaltungskontrolle abzusprechen?<\/p>\n<p>Vielleicht trifft das Votum in gewissen Belangen sogar zu. Der Verfasser ist mit US-Recht zu wenig vertraut, um das zu vertiefen. Wer hier mitliest und Kenntnisse im amerikanischen Constitutional law aufweist, m\u00f6ge sich gern melden, es winkt eine Einladung auf einen Caff\u00e8 americano und Brownies.<\/p>\n<p>Wenden wir uns also der Schweiz zu.<\/p>\n<p>In der Eigenossenschaft braucht es keine grosse R\u00fcckblende, um auf einen massiven Angriff gegen die Verwaltungsgerichtsbarkeit zu stossen. Als die Klimaseniorinnen im April 2024 in Strassburg durchdrangen und der Europ\u00e4ische Gerichtshof f\u00fcr Menschenrechte EGMR die Schweizer Umweltmassnahmen als <a href=\"https:\/\/www.klimaseniorinnen.ch\/wp-content\/uploads\/2024\/04\/CASE-OF-VEREIN-KLIMASENIORINNEN-SCHWEIZ-AND-OTHERS-v.-SWITZERLAND.pdf\">mangelhaft qualifizierte<\/a>, wurde das Urteil vom St\u00e4nderat als \u00abgerichtlicher <a href=\"https:\/\/www.srf.ch\/news\/schweiz\/entscheid-zu-klimaseniorinnen-es-ist-schockierend-wie-die-politik-aufs-klima-urteil-reagiert\">Aktivismus<\/a>\u00bb abgetan. Das offizielle Statement der Rechtskommission geh\u00f6rte zu den anst\u00e4ndigen Vorw\u00fcrfen.<\/p>\n<h4>Verwaltungsgerichte in der Schweiz<\/h4>\n<p>In der Schweiz wird die richterliche Kontrolle beh\u00f6rdlicher Akte durch die Verwaltungsgerichtsbarkeit ausge\u00fcbt. Auf Bundesebene \u00fcbernimmt seit 2007 das Bundesverwaltungsgericht in St. Gallen diese Funktion. Bis zur Justizreform wurde die Aufsicht durch die departementalen Rekurskommissionen gew\u00e4hrleistet (REKO). Auf Kantonsebene existieren entweder Verwaltungsgerichte oder spezialisierte Abteilungen der Ober- oder Kantonsgerichte. Diesen obliegt je nach Kognition die volle oder eingeschr\u00e4nkte \u00dcberpr\u00fcfung von Verwaltungsakten. Die Prozesse richten sich nach besonderen <a href=\"https:\/\/www.lexfind.ch\/fe\/de\/search\/528411\/e152685da126a48b7ba71b7d622102\/de\">Verwaltungsverfahrensgesetzen<\/a>, also nicht nach der Schweizerischen ZPO. Als letzte Instanz fungieren die \u00f6ffentlich-rechtlichen Abteilungen des Bundesgerichts, soweit nicht Sondernormen den Weg nach Lausanne oder Luzern versperren. Zuallerletzt pr\u00fcft der EGMR eine Verletzung von Menschenrechten.<\/p>\n<p>F\u00fcr die Staatsrechtlerin ist es kalter Kaffee, aber ein Detail ist hier zu erg\u00e4nzen: Unsere <a href=\"https:\/\/www.fedlex.admin.ch\/eli\/cc\/1999\/404\/de#art_189\">Bundesverfassung<\/a> verbietet die Beschwerdef\u00fchrung gegen Akte des Bundesrats und der Bundesversammlung. H\u00e4tte die US-Administration in der Schweiz also freies Spiel? Hier beginnen die Spitzfindigkeiten. Denn es ist zun\u00e4chst zu kl\u00e4ren, was \u00fcberhaupt mit &#8222;Akten&#8220; gemeint ist. Gem\u00e4ss BV-Kommentierung betrifft diese eine breite Palette von Handlungsformen von Bundesrat und Parlament, wie etwa Bundesgesetze, aber auch Einzelakte wie Bundesverordnungen, interne Regelungen wie Verwaltungsverordnungen oder Weisungen und sogar blosse Realakte. Mithin ein Ausschluss der Gesetzes\u00fcberpr\u00fcfung, d.h. der Verfassungsgerichtsbarkeit.<\/p>\n<p>Nicht ausgeschlossen ist bei alledem die Beschwerde gegen Verf\u00fcgungen untergeordneter Beh\u00f6rden, die sich auf besagte Akte st\u00fctzen. Ebenfalls beschwerdef\u00e4hig sind Anordnungen im Zuge der sogenannten konkreten Normenkontrolle. Hier k\u00f6nnen Betroffene im Rahmen der Anfechtung einer individuellen beh\u00f6rdlichen Verf\u00fcgung z.B. die Unzul\u00e4ssigkeit einer Verordnung des Bundesrats r\u00fcgen. Selbst Rechtserlasse d\u00fcrfen demnach vor Gericht infrage gestellt werden. Washington h\u00e4tte es auch im Schweizer System nicht ganz leicht.<\/p>\n<p>Bei n\u00e4herer Auseinandersetzung mit der Verwaltungsgerichtsbarkeit wird rasch ersichtlich, dass es sich um eine fein austarierte und teils \u00fcber Jahrhunderte erk\u00e4mpfte Ordnung handelt, mit der sich der B\u00fcrger gegen Entscheidungen der Obrigkeit zu Wehr setzen kann. Auch eine Klimaseniorin. Es geht um ein Grundrecht.<\/p>\n<p>Es w\u00e4re ein Verlust, wenn M\u00e4nner mit Kettens\u00e4gen diese tragende S\u00e4ule des Rechtsstaats kurzerhand f\u00e4llen w\u00fcrden.<\/p>\n<p>&nbsp;<\/p>\n<p><em>Blogposts direkt in die Inbox erhalten? <a href=\"https:\/\/web.swissnewsletter.ch\/e\/8701c9de30ebc427\/de\/form\/ec3745ce-01ea-47b1-b7bc-e83ee5822084.html\">HIER<\/a> k\u00f6nnen Sie sich f\u00fcr unseren Newsletter anmelden.<\/em><\/p>\n<p>&nbsp;<\/p>\n<p><em>Foto: Caique Araujo<\/em><\/p>\n<p>&nbsp;<\/p>","protected":false},"excerpt":{"rendered":"<p>In der polarisierten Politwelt steigen die Risiken f\u00fcr die Unabh\u00e4ngigkeit der Judikative. Sind Gerichtsurteile \u00fcber Verwaltungsakte nicht auf der Regierungslinie, werden sie als ideologisch gebrandmarkt. Nach einigen mitteleurop\u00e4ischen Staaten d\u00fcrfte nun auch Washington die Gewaltentrennung schw\u00e4chen. Wie sicher sind die Verwaltungsgerichte in der Schweiz? von Philipp do Canto Seit die neue US-Administration das Zepter bzw. [&hellip;]<\/p>\n","protected":false},"author":10,"featured_media":348778,"comment_status":"closed","ping_status":"open","sticky":false,"template":"","format":"standard","meta":{"footnotes":""},"categories":[1,22,25,111],"tags":[],"class_list":["post-348777","post","type-post","status-publish","format-standard","has-post-thumbnail","hentry","category-andere","category-compliance","category-grundrechte","category-staatsrecht"],"_links":{"self":[{"href":"https:\/\/publicsector.ch\/en\/wp-json\/wp\/v2\/posts\/348777","targetHints":{"allow":["GET"]}}],"collection":[{"href":"https:\/\/publicsector.ch\/en\/wp-json\/wp\/v2\/posts"}],"about":[{"href":"https:\/\/publicsector.ch\/en\/wp-json\/wp\/v2\/types\/post"}],"author":[{"embeddable":true,"href":"https:\/\/publicsector.ch\/en\/wp-json\/wp\/v2\/users\/10"}],"replies":[{"embeddable":true,"href":"https:\/\/publicsector.ch\/en\/wp-json\/wp\/v2\/comments?post=348777"}],"version-history":[{"count":8,"href":"https:\/\/publicsector.ch\/en\/wp-json\/wp\/v2\/posts\/348777\/revisions"}],"predecessor-version":[{"id":348945,"href":"https:\/\/publicsector.ch\/en\/wp-json\/wp\/v2\/posts\/348777\/revisions\/348945"}],"wp:featuredmedia":[{"embeddable":true,"href":"https:\/\/publicsector.ch\/en\/wp-json\/wp\/v2\/media\/348778"}],"wp:attachment":[{"href":"https:\/\/publicsector.ch\/en\/wp-json\/wp\/v2\/media?parent=348777"}],"wp:term":[{"taxonomy":"category","embeddable":true,"href":"https:\/\/publicsector.ch\/en\/wp-json\/wp\/v2\/categories?post=348777"},{"taxonomy":"post_tag","embeddable":true,"href":"https:\/\/publicsector.ch\/en\/wp-json\/wp\/v2\/tags?post=348777"}],"curies":[{"name":"wp","href":"https:\/\/api.w.org\/{rel}","templated":true}]}}