{"id":348624,"date":"2024-10-21T11:15:24","date_gmt":"2024-10-21T11:15:24","guid":{"rendered":"https:\/\/publicsector.ch\/?p=348624"},"modified":"2025-07-01T13:01:32","modified_gmt":"2025-07-01T13:01:32","slug":"digitale-souveraenitaet-eine-linksammlung","status":"publish","type":"post","link":"https:\/\/publicsector.ch\/en\/digitale-souveraenitaet-eine-linksammlung\/","title":{"rendered":"Digitale Souver\u00e4nit\u00e4t: eine Linksammlung"},"content":{"rendered":"<p>von <strong>Matthias Plattner<\/strong><\/p>\n<h4>Digitale Souver\u00e4nit\u00e4t: Was ist das?<\/h4>\n<p>Unter digitaler Souver\u00e4nit\u00e4t versteht man die F\u00e4higkeit von Staaten, ihre digitalen Infrastrukturen, Daten und Technologien zu sch\u00fctzen und sie kontrollieren zu k\u00f6nnen. Der Begriff wird nicht \u00fcberall einheitlich verwendet und dient teilweise als Sammelbecken f\u00fcr verschiedenste Anliegen. So wird er oftmals auch auf Institutionen oder Individuen angewendet, wobei uns vorliegend im Kontext des \u00f6ffentlichen Sektors prim\u00e4r die staatliche Perspektive interessiert.<\/p>\n<h4>Relevanz<\/h4>\n<p>In einer zunehmend vernetzten Welt, in der globale Technologieunternehmen dominieren und Daten aus keinem gesellschaftlichen Vorgang wegzudenken sind, stellt die digitale Souver\u00e4nit\u00e4t eine wesentliche Komponente der ganzheitlich betrachteten staatlichen Souver\u00e4nit\u00e4t dar. Von entscheidender Bedeutung ist, nebst dem Schutz vor eigentlichen netzbasierten Angriffen anderer Staaten, etwa die Aufrechterhaltung demokratischer Werte und Prozesse.<\/p>\n<h4>Einige weiterf\u00fchrende Links: eine unvollst\u00e4ndige Liste<\/h4>\n<p>Mit der \u00abStrategie f\u00fcr die Digitale Schweiz\u00bb definiert der Bund Leitlinien f\u00fcr das Handeln des Staates im Bereich der digitalen Transformation. Zum Fokusthema \u00abdigitale Souver\u00e4nit\u00e4t\u00bb zeigt der Bund im Webauftritt <a href=\"https:\/\/digital.swiss\/de\/strategie\/fokusthema\/digitale-souveranitat\">digital.swiss<\/a> auf, welche Massnahmen er pr\u00fcft, um Abh\u00e4ngigkeiten in der digitalen Welt reduzieren zu k\u00f6nnen. Bis Ende 2024 soll z.B. eine Auslegeordnung unter Federf\u00fchrung des Eidgen\u00f6ssischen Departements f\u00fcr ausw\u00e4rtige Angelegenheiten (EDA) entstehen.<\/p>\n<p>Die <em>Conf\u00e9rence latine des directeurs du num\u00e9rique<\/em> (CLDN), die Konferenz der \u00abDigitalisierungs-Direktor:innen\u00bb der lateinischen Schweiz (FR, GE, JU, NE, TI, VD, VS), hielten in einer <a href=\"https:\/\/cldn.ch\/les-cantons-latins-veulent-renforcer-leur-action-concertee-pour-la-souverainete-numerique\/\">gemeinsamem Mitteilung<\/a> fest, dass sie eine gemeinsame digitale politische Vision f\u00fcr die Digitalisierung entwickeln m\u00f6chten und sich zur F\u00f6rderung der digitalen Souver\u00e4nit\u00e4t zusammenzuschliessen.<\/p>\n<p>Auf EU-Ebene wird bereits seit Jahren versucht, die digitale Welt intensiv zu formen \u2013 obwohl nicht mehr ganz neu, gibt etwa dieses \u00ab<a href=\"https:\/\/www.europarl.europa.eu\/RegData\/etudes\/BRIE\/2020\/651992\/EPRS_BRI(2020)651992_EN.pdf\">Ideas Paper<\/a>\u00bb (2020) einen Einblick in das EU-Verst\u00e4ndnis digitaler Souver\u00e4nit\u00e4t.<\/p>\n<p>In einer <a href=\"https:\/\/www.bfh.ch\/dam\/jcr:77087ce2-5802-4c76-9ea7-21f8fe01fa87\/Studie_Technologische%20Perspektive%20der%20digitalen%20Souveraenitaet%2012%20Juni%202024_Matthias%20St%C3%BCrmer.pdf\">Studie der Berner Fachhochschule<\/a> zuhanden des EDA (Juni 2024) kommt Matthias St\u00fcrmer zum Schluss, dass die Schweiz Nachholbedarf hinsichtlich der technologischen Aspekte digitaler Souver\u00e4nit\u00e4t aufweist. Er schl\u00e4gt als Massnahmen etwa die F\u00f6rderung von Open Source Software und Open Standards im \u00f6ffentlichen Sektor oder eine nationale Plattform f\u00fcr die Freigabe von Beh\u00f6rden-Anwendungen zur Reduktion der Abh\u00e4ngigkeiten von ausl\u00e4ndischen Konzernen vor. In einem <a href=\"https:\/\/www.bfh.ch\/de\/aktuell\/storys\/2024\/digitale-souveraenitaet-interview-matthias-stuermer\/\">kurzen Interview<\/a> findet sich ein \u00dcberblick dazu.<\/p>\n<p>Inwiefern die umstrittene Swiss Government Cloud die digitale Souver\u00e4nit\u00e4t st\u00e4rkt oder schw\u00e4cht, ist momentan Gegenstand verschiedener Debatten im Bundesparlament und in der Gesellschaft. Im Parlament fordern verschiedene Vorst\u00f6sse Massnahmen zur St\u00e4rkung der digitalen Infrastruktur der Schweiz. In ihrem Artikel \u00ab<a href=\"https:\/\/www.republik.ch\/2024\/09\/24\/gefaehrlich-wenig-swissness\">Gef\u00e4hrlich wenig Swissness<\/a>\u00bb in der <em>Republik<\/em> kritisiert die Tech-Journalistin Adrienne Fichter, dass ausl\u00e4ndische Anbieter im Mammutprojekt der Swiss Government Cloud in Hinsicht auf die digitale Souver\u00e4nit\u00e4t der Schweiz eine gef\u00e4hrlich grosse Rolle spielen sollen.<\/p>\n<p>Die Liste ist nicht vollst\u00e4ndig und das Thema noch nicht vorbei. Wir bleiben dran!<\/p>","protected":false},"excerpt":{"rendered":"<p>von Matthias Plattner Digitale Souver\u00e4nit\u00e4t: Was ist das? Unter digitaler Souver\u00e4nit\u00e4t versteht man die F\u00e4higkeit von Staaten, ihre digitalen Infrastrukturen, Daten und Technologien zu sch\u00fctzen und sie kontrollieren zu k\u00f6nnen. Der Begriff wird nicht \u00fcberall einheitlich verwendet und dient teilweise als Sammelbecken f\u00fcr verschiedenste Anliegen. So wird er oftmals auch auf Institutionen oder Individuen angewendet, [&hellip;]<\/p>\n","protected":false},"author":14,"featured_media":348628,"comment_status":"closed","ping_status":"open","sticky":false,"template":"","format":"standard","meta":{"footnotes":""},"categories":[21,24,25,20],"tags":[],"class_list":["post-348624","post","type-post","status-publish","format-standard","has-post-thumbnail","hentry","category-datenschutz","category-egovernment","category-grundrechte","category-regulierung-im-digitalen-zeitalter"],"_links":{"self":[{"href":"https:\/\/publicsector.ch\/en\/wp-json\/wp\/v2\/posts\/348624","targetHints":{"allow":["GET"]}}],"collection":[{"href":"https:\/\/publicsector.ch\/en\/wp-json\/wp\/v2\/posts"}],"about":[{"href":"https:\/\/publicsector.ch\/en\/wp-json\/wp\/v2\/types\/post"}],"author":[{"embeddable":true,"href":"https:\/\/publicsector.ch\/en\/wp-json\/wp\/v2\/users\/14"}],"replies":[{"embeddable":true,"href":"https:\/\/publicsector.ch\/en\/wp-json\/wp\/v2\/comments?post=348624"}],"version-history":[{"count":7,"href":"https:\/\/publicsector.ch\/en\/wp-json\/wp\/v2\/posts\/348624\/revisions"}],"predecessor-version":[{"id":348908,"href":"https:\/\/publicsector.ch\/en\/wp-json\/wp\/v2\/posts\/348624\/revisions\/348908"}],"wp:featuredmedia":[{"embeddable":true,"href":"https:\/\/publicsector.ch\/en\/wp-json\/wp\/v2\/media\/348628"}],"wp:attachment":[{"href":"https:\/\/publicsector.ch\/en\/wp-json\/wp\/v2\/media?parent=348624"}],"wp:term":[{"taxonomy":"category","embeddable":true,"href":"https:\/\/publicsector.ch\/en\/wp-json\/wp\/v2\/categories?post=348624"},{"taxonomy":"post_tag","embeddable":true,"href":"https:\/\/publicsector.ch\/en\/wp-json\/wp\/v2\/tags?post=348624"}],"curies":[{"name":"wp","href":"https:\/\/api.w.org\/{rel}","templated":true}]}}