{"id":348513,"date":"2024-08-22T07:51:54","date_gmt":"2024-08-22T07:51:54","guid":{"rendered":"https:\/\/publicsector.ch\/?p=348513"},"modified":"2025-06-26T09:16:44","modified_gmt":"2025-06-26T09:16:44","slug":"public-sector-law-x-belearn-ki-an-der-volksschule","status":"publish","type":"post","link":"https:\/\/publicsector.ch\/en\/public-sector-law-x-belearn-ki-an-der-volksschule\/","title":{"rendered":"Public Sector Law x BeLEARN: KI an der Volksschule"},"content":{"rendered":"<div data-elementor-type=\"wp-post\" data-elementor-id=\"348513\" class=\"elementor elementor-348513\" data-elementor-post-type=\"post\">\n\t\t\t\t<div class=\"elementor-element elementor-element-2b0f1486 e-flex e-con-boxed elementor-repeater-item-default_padding elementor-repeater-item-none elementor-repeater-item-none_hover e-con e-parent\" data-id=\"2b0f1486\" data-element_type=\"container\" data-e-type=\"container\" data-settings=\"{&quot;ang_container_spacing_size&quot;:&quot;default_padding&quot;}\">\n\t\t\t\t\t<div class=\"e-con-inner\">\n\t\t\t\t<div class=\"elementor-element elementor-element-635b9c5d elementor-repeater-item-none elementor-repeater-item-none_hover elementor-widget elementor-widget-text-editor\" data-id=\"635b9c5d\" data-element_type=\"widget\" data-e-type=\"widget\" data-widget_type=\"text-editor.default\">\n\t\t\t\t<div class=\"elementor-widget-container\">\n\t\t\t\t\t\t\t\t\t<p>Das Thema K\u00fcnstliche Intelligenz (KI) macht auch vor dem Schulalltag nicht Halt. Insbesondere im Bereich der \u00f6ffentlichen Schule stellen sich nebst Fragen des didaktisch lohnenswerten Einsatzes auch solche nach den rechtlichen Rahmenbedingungen und sowie danach, was sinnvollerweise von der Schulleitung geregelt werden sollte.<\/p><p>Matthias Plattner, seit Juli als Rechtsanwalt bei Public Sector Law t\u00e4tig, hatte anl\u00e4sslich von zwei Workshops zum Thema KI in der Bildung an einer Oberstufenschule im Kanton Bern Gelegenheit, eine Pr\u00e4sentation \u00fcber rechtlichen Fragestellungen beim Gebrauch von KI im Unterricht zu halten und Fragen der teilnehmenden Lehrpersonen zu beantworten. Davor erhielten die Lehrpersonen durch Jean-Daniel Roth und Nina Liechti von <a href=\"https:\/\/belearn.swiss\/\">BeLEARN,<\/a> die Organisation der Digitalisierung der Bildung, einen spannenden Einblick in den Ursprung und die Entwicklung von KI sowie die Technologie, die dahintersteckt. In beiden Workshops entstanden spannende Diskussionen mit den teilnehmenden Lehrpersonen.<\/p><p>Haupts\u00e4chlich wollten die Lehrpersonen wissen, wem die von einer KI generierten Produkte geh\u00f6ren. Das aktuell in der Schweiz geltende Urheberrecht sch\u00fctzt ausschliesslich geistige Sch\u00f6pfungen von Menschen. KI-Erzeugnissen fehlt es in den meisten F\u00e4llen an ebendieser Voraussetzung (da der kreative Beitrag des Menschen regelm\u00e4ssig minimal ist), weshalb in aller Regel ein Urheber im rechtlichen Sinne fehlt. Die Frage, wie KI von den Sch\u00fcler:innen zur Aufgabenerledigung eingesetzt werden darf, und ob und wie diese zu zitieren ist, ist hingegen prim\u00e4r eine schulpolitische Frage, da das Urheberrecht die schulische Nutzung von Werken erlaubt. Schliesslich interessierte auch die Frage sehr, wie KI-Anwendungen eingesetzt werden d\u00fcrfen, ohne dass man bei der Nutzung den Datenschutz verletzt. Personendaten (egal ob gew\u00f6hnliche oder besonders sch\u00fctzenswerte) sowie vertrauliche Daten, d\u00fcrfen grunds\u00e4tzlich nicht in kommerzielle, unentgeltliche genutzte KI-Anwendungen eingegeben werden, weil die Anbieter:innen der KI-Anwendungen die eingegebenen Daten regelm\u00e4ssig zu eigenen Zwecken weiternutzen. Die Nutzung solcher KI-Anwendungen bedingt vielmehr, dass Personendaten anonymisiert und vertrauliche Daten entfernt werden.<\/p><p>Es stellt sich nicht mehr prim\u00e4r die Frage, ob KI im Rahmen der \u00f6ffentlichen Schule angewendet werden soll, sondern vielmehr, mit welcher Nutzung Chancen und Risiken am besten austariert werden k\u00f6nnen. Diese Frage gilt es durch die Schulleitungen zu kl\u00e4ren, um den Lehrpersonen klare und verst\u00e4ndliche Vorgaben zur Nutzung von KI mitgeben zu k\u00f6nnen. <a href=\"https:\/\/belearn.swiss\/en\/projekt\/ki-orientierung-fuer-lehrpersonen\/\">Die KI-Orientierung von BeLEARN<\/a> d\u00fcrfte daf\u00fcr eine gute Basis bilden.<\/p>\t\t\t\t\t\t\t\t<\/div>\n\t\t\t\t<\/div>\n\t\t\t\t\t<\/div>\n\t\t\t\t<\/div>\n\t\t<div class=\"elementor-element elementor-element-1592079 e-flex e-con-boxed elementor-repeater-item-default_padding elementor-repeater-item-none elementor-repeater-item-none_hover e-con e-parent\" data-id=\"1592079\" data-element_type=\"container\" data-e-type=\"container\" data-settings=\"{&quot;ang_container_spacing_size&quot;:&quot;default_padding&quot;}\">\n\t\t\t\t\t<div class=\"e-con-inner\">\n\t\t\t\t<div class=\"elementor-element elementor-element-904b76f external_elementor-repeater-item-none_external elementor-repeater-item-none elementor-repeater-item-none_hover elementor-widget elementor-widget-image\" data-id=\"904b76f\" data-element_type=\"widget\" data-e-type=\"widget\" data-widget_type=\"image.default\">\n\t\t\t\t<div class=\"elementor-widget-container\">\n\t\t\t\t\t\t\t\t\t\t\t\t\t\t\t<img fetchpriority=\"high\" decoding=\"async\" width=\"800\" height=\"600\" src=\"https:\/\/publicsector.ch\/wp-content\/uploads\/2024\/08\/Kunstliche-Intelligenz-mit-Matthias-Plattner-und-BeLEARN-1024x768.jpg\" class=\"attachment-large size-large wp-image-348514\" alt=\"Matthias Plattner von Public Sector Law spricht zu Rechtsfragen im Zusammenhang mit KI an der Schule.\" srcset=\"https:\/\/publicsector.ch\/wp-content\/uploads\/2024\/08\/Kunstliche-Intelligenz-mit-Matthias-Plattner-und-BeLEARN-1024x768.jpg 1024w, https:\/\/publicsector.ch\/wp-content\/uploads\/2024\/08\/Kunstliche-Intelligenz-mit-Matthias-Plattner-und-BeLEARN-300x225.jpg 300w, https:\/\/publicsector.ch\/wp-content\/uploads\/2024\/08\/Kunstliche-Intelligenz-mit-Matthias-Plattner-und-BeLEARN-768x576.jpg 768w, https:\/\/publicsector.ch\/wp-content\/uploads\/2024\/08\/Kunstliche-Intelligenz-mit-Matthias-Plattner-und-BeLEARN-1536x1152.jpg 1536w, https:\/\/publicsector.ch\/wp-content\/uploads\/2024\/08\/Kunstliche-Intelligenz-mit-Matthias-Plattner-und-BeLEARN-2048x1536.jpg 2048w\" sizes=\"(max-width: 800px) 100vw, 800px\" \/>\t\t\t\t\t\t\t\t\t\t\t\t\t\t\t<\/div>\n\t\t\t\t<\/div>\n\t\t\t\t\t<\/div>\n\t\t\t\t<\/div>\n\t\t\t\t<\/div>","protected":false},"excerpt":{"rendered":"<p>Das Thema K\u00fcnstliche Intelligenz (KI) macht auch vor dem Schulalltag nicht Halt. Insbesondere im Bereich der \u00f6ffentlichen Schule stellen sich nebst Fragen des didaktisch lohnenswerten Einsatzes auch solche nach den rechtlichen Rahmenbedingungen und sowie danach, was sinnvollerweise von der Schulleitung geregelt werden sollte. Matthias Plattner, seit Juli als Rechtsanwalt bei Public Sector Law t\u00e4tig, hatte [&hellip;]<\/p>\n","protected":false},"author":9,"featured_media":0,"comment_status":"closed","ping_status":"open","sticky":false,"template":"","format":"standard","meta":{"footnotes":""},"categories":[1,26,22,21,24,20],"tags":[],"class_list":["post-348513","post","type-post","status-publish","format-standard","hentry","category-andere","category-bildungsrecht","category-compliance","category-datenschutz","category-egovernment","category-regulierung-im-digitalen-zeitalter"],"_links":{"self":[{"href":"https:\/\/publicsector.ch\/en\/wp-json\/wp\/v2\/posts\/348513","targetHints":{"allow":["GET"]}}],"collection":[{"href":"https:\/\/publicsector.ch\/en\/wp-json\/wp\/v2\/posts"}],"about":[{"href":"https:\/\/publicsector.ch\/en\/wp-json\/wp\/v2\/types\/post"}],"author":[{"embeddable":true,"href":"https:\/\/publicsector.ch\/en\/wp-json\/wp\/v2\/users\/9"}],"replies":[{"embeddable":true,"href":"https:\/\/publicsector.ch\/en\/wp-json\/wp\/v2\/comments?post=348513"}],"version-history":[{"count":8,"href":"https:\/\/publicsector.ch\/en\/wp-json\/wp\/v2\/posts\/348513\/revisions"}],"predecessor-version":[{"id":348856,"href":"https:\/\/publicsector.ch\/en\/wp-json\/wp\/v2\/posts\/348513\/revisions\/348856"}],"wp:attachment":[{"href":"https:\/\/publicsector.ch\/en\/wp-json\/wp\/v2\/media?parent=348513"}],"wp:term":[{"taxonomy":"category","embeddable":true,"href":"https:\/\/publicsector.ch\/en\/wp-json\/wp\/v2\/categories?post=348513"},{"taxonomy":"post_tag","embeddable":true,"href":"https:\/\/publicsector.ch\/en\/wp-json\/wp\/v2\/tags?post=348513"}],"curies":[{"name":"wp","href":"https:\/\/api.w.org\/{rel}","templated":true}]}}