{"id":348490,"date":"2024-06-04T14:48:02","date_gmt":"2024-06-04T14:48:02","guid":{"rendered":"https:\/\/publicsector.ch\/?p=348490"},"modified":"2024-06-04T14:58:46","modified_gmt":"2024-06-04T14:58:46","slug":"viel-wirbel-um-die-nutzung-von-microsofts-m365-im-oeffentlichen-sektor","status":"publish","type":"post","link":"https:\/\/publicsector.ch\/en\/viel-wirbel-um-die-nutzung-von-microsofts-m365-im-oeffentlichen-sektor\/","title":{"rendered":"Viel Wirbel um die Nutzung von Microsofts M365 im \u00f6ffentlichen Sektor"},"content":{"rendered":"<p>Die Nutzung von Microsofts M365-Suite im \u00f6ffentlichen Sektor ist umstritten und wirft teilweise hohe Wellen. Im Zentrum stehen dabei meist nebst datenschutzrechtlichen Bedenken \u00dcberlegungen zur digitalen Souver\u00e4nit\u00e4t.<\/p>\n<p>So hat der <strong>Bund<\/strong> <a href=\"https:\/\/www.admin.ch\/gov\/de\/start\/dokumentation\/medienmitteilungen.msg-id-93076.html\">anfangs 2023 angek\u00fcndigt<\/a>, dass er M365 in der Bundesverwaltung ab 2024 grossfl\u00e4chig einf\u00fchren will &#8211; was ihm in diesem Fr\u00fchjahr von der Eidgen\u00f6ssischen Finanzkontrolle (EFK) <a href=\"https:\/\/www.efk.admin.ch\/prufung\/dti-schluesselprojekt-cloud-enabling-bueroautomation\/\">einen R\u00fcffel eingebracht<\/a> hat (u.a. weil m\u00f6glicherweise der on premise-Betrieb von Microsoft-Lizenzen noch l\u00e4nger als urspr\u00fcnglich geplant m\u00f6glich sein d\u00fcrfte und dies im Projekt noch st\u00e4rker h\u00e4tte ber\u00fccksichtigt werden m\u00fcssen).<\/p>\n<p>Aber wie sieht es in den Kantonen aus? Wir haben im Internet herumgestochert und folgende Kantone gefunden, die den Wechsel auf M365 f\u00fcr ihre Zentralverwaltung bereits bekannt gegeben haben, angef\u00fchrt durch <strong>Z\u00fcrich<\/strong> und den nun schweizweit bekannten <a href=\"https:\/\/www.zh.ch\/bin\/zhweb\/publish\/regierungsratsbeschluss-unterlagen.\/2022\/542\/RRB-2022-0542.pdf\">Regierungsratsbeschluss RRB 2022-0542<\/a> (Zitat Privatim: &#8218;<a href=\"https:\/\/www.privatim.ch\/de\/kein-freipass-fur-microsoft-365\/\">Die Begr\u00fcndung des Entscheids wirkt ausgesprochen unausgewogen&#8216;<\/a>):<\/p>\n<ul>\n<li><a href=\"https:\/\/www.be.ch\/de\/start\/dienstleistungen\/medien\/medienmitteilungen.html?newsID=4dcf7269-8143-4744-9951-1bdfeaaf09de\">Bern<\/a><\/li>\n<li><a href=\"https:\/\/www.regierungsrat.bs.ch\/nm\/2022-kurzmitteilungen-aus-der-regierungsrats-sitzung-bulletin-rr-30.html\">Basel-Stadt<\/a><\/li>\n<li><a href=\"https:\/\/www.gr.ch\/DE\/institutionen\/verwaltung\/dfg\/ds\/stabdv\/Documents\/Strategie%20digitale%20Verwaltung%20Graub%C3%BCnden%202024-2028.pdf\">Graub\u00fcnden (S. 22)<\/a><\/li>\n<li><a href=\"https:\/\/www.zentralplus.ch\/technologie-digitales\/kaum-ist-skype-eingefuehrt-muss-der-kanton-wieder-umstellen-2602899\/\">Luzern\u00a0<\/a><\/li>\n<li><a href=\"https:\/\/www.inside-it.ch\/auch-schaffhausen-setzt-auf-microsoft-cloud-loesungen-20220505\">Schaffhausen<\/a><\/li>\n<li><a href=\"https:\/\/www.inside-it.ch\/solothurn-erhoeht-it-budget-um-ueber-12-millionen-20220916\">Solothurn<\/a><\/li>\n<li><a href=\"https:\/\/www.inside-it.ch\/m365-beschaeftigt-st-galler-datenschutzbehoerden-20230510\">St. Gallen<\/a><\/li>\n<li><a href=\"https:\/\/www.tg.ch\/news.html\/485\/news\/65622\">Thurgau<\/a><\/li>\n<\/ul>\n<div data-pm-slice=\"1 1 [&quot;table&quot;,{&quot;style&quot;:null,&quot;summary&quot;:null,&quot;width&quot;:&quot;759px&quot;,&quot;cellspacing&quot;:null,&quot;cellpadding&quot;:null,&quot;align&quot;:null,&quot;cols&quot;:[{&quot;width&quot;:188},{&quot;width&quot;:571}],&quot;backgroundColor&quot;:null,&quot;color&quot;:null,&quot;selected&quot;:false},&quot;tr&quot;,{&quot;style&quot;:null,&quot;backgroundColor&quot;:null,&quot;textAlign&quot;:null,&quot;verticalAlign&quot;:null,&quot;color&quot;:null},&quot;td&quot;,{&quot;style&quot;:null,&quot;abbr&quot;:null,&quot;nowrap&quot;:null,&quot;height&quot;:null,&quot;colspan&quot;:1,&quot;rowspan&quot;:1,&quot;colwidth&quot;:[571],&quot;backgroundColor&quot;:null,&quot;textAlign&quot;:null,&quot;verticalAlign&quot;:null,&quot;color&quot;:&quot;&quot;,&quot;inversionType&quot;:&quot;smart&quot;}]\" data-en-clipboard=\"true\"><\/div>\n<div data-pm-slice=\"1 1 [&quot;table&quot;,{&quot;style&quot;:null,&quot;summary&quot;:null,&quot;width&quot;:&quot;759px&quot;,&quot;cellspacing&quot;:null,&quot;cellpadding&quot;:null,&quot;align&quot;:null,&quot;cols&quot;:[{&quot;width&quot;:188},{&quot;width&quot;:571}],&quot;backgroundColor&quot;:null,&quot;color&quot;:null,&quot;selected&quot;:false},&quot;tr&quot;,{&quot;style&quot;:null,&quot;backgroundColor&quot;:null,&quot;textAlign&quot;:null,&quot;verticalAlign&quot;:null,&quot;color&quot;:null},&quot;td&quot;,{&quot;style&quot;:null,&quot;abbr&quot;:null,&quot;nowrap&quot;:null,&quot;height&quot;:null,&quot;colspan&quot;:1,&quot;rowspan&quot;:1,&quot;colwidth&quot;:[571],&quot;backgroundColor&quot;:null,&quot;textAlign&quot;:null,&quot;verticalAlign&quot;:null,&quot;color&quot;:&quot;&quot;,&quot;inversionType&quot;:&quot;smart&quot;}]\" data-en-clipboard=\"true\">Wo haben wir noch Dinge \u00fcbersehen? Hinweise nehmen wir unter info@publicsector.ch jederzeit gerne entgegen.<\/div>\n","protected":false},"excerpt":{"rendered":"<p>Die Nutzung von Microsofts M365-Suite im \u00f6ffentlichen Sektor ist umstritten und wirft teilweise hohe Wellen. Im Zentrum stehen dabei meist nebst datenschutzrechtlichen Bedenken \u00dcberlegungen zur digitalen Souver\u00e4nit\u00e4t. So hat der Bund anfangs 2023 angek\u00fcndigt, dass er M365 in der Bundesverwaltung ab 2024 grossfl\u00e4chig einf\u00fchren will &#8211; was ihm in diesem Fr\u00fchjahr von der Eidgen\u00f6ssischen Finanzkontrolle [&hellip;]<\/p>\n","protected":false},"author":9,"featured_media":348492,"comment_status":"closed","ping_status":"open","sticky":false,"template":"","format":"standard","meta":{"footnotes":""},"categories":[22,21,24,25,20],"tags":[],"class_list":["post-348490","post","type-post","status-publish","format-standard","has-post-thumbnail","hentry","category-compliance","category-datenschutz","category-egovernment","category-grundrechte","category-regulierung-im-digitalen-zeitalter"],"_links":{"self":[{"href":"https:\/\/publicsector.ch\/en\/wp-json\/wp\/v2\/posts\/348490","targetHints":{"allow":["GET"]}}],"collection":[{"href":"https:\/\/publicsector.ch\/en\/wp-json\/wp\/v2\/posts"}],"about":[{"href":"https:\/\/publicsector.ch\/en\/wp-json\/wp\/v2\/types\/post"}],"author":[{"embeddable":true,"href":"https:\/\/publicsector.ch\/en\/wp-json\/wp\/v2\/users\/9"}],"replies":[{"embeddable":true,"href":"https:\/\/publicsector.ch\/en\/wp-json\/wp\/v2\/comments?post=348490"}],"version-history":[{"count":4,"href":"https:\/\/publicsector.ch\/en\/wp-json\/wp\/v2\/posts\/348490\/revisions"}],"predecessor-version":[{"id":348498,"href":"https:\/\/publicsector.ch\/en\/wp-json\/wp\/v2\/posts\/348490\/revisions\/348498"}],"wp:featuredmedia":[{"embeddable":true,"href":"https:\/\/publicsector.ch\/en\/wp-json\/wp\/v2\/media\/348492"}],"wp:attachment":[{"href":"https:\/\/publicsector.ch\/en\/wp-json\/wp\/v2\/media?parent=348490"}],"wp:term":[{"taxonomy":"category","embeddable":true,"href":"https:\/\/publicsector.ch\/en\/wp-json\/wp\/v2\/categories?post=348490"},{"taxonomy":"post_tag","embeddable":true,"href":"https:\/\/publicsector.ch\/en\/wp-json\/wp\/v2\/tags?post=348490"}],"curies":[{"name":"wp","href":"https:\/\/api.w.org\/{rel}","templated":true}]}}