{"id":348468,"date":"2024-05-22T19:03:03","date_gmt":"2024-05-22T19:03:03","guid":{"rendered":"https:\/\/publicsector.ch\/?p=348468"},"modified":"2024-05-22T19:10:09","modified_gmt":"2024-05-22T19:10:09","slug":"chancen-und-gefahren-von-kuenstlicher-intelligenz-im-sozialbereich-forum-caritas-aargau","status":"publish","type":"post","link":"https:\/\/publicsector.ch\/en\/chancen-und-gefahren-von-kuenstlicher-intelligenz-im-sozialbereich-forum-caritas-aargau\/","title":{"rendered":"Chancen und Gefahren K\u00fcnstlicher Intelligenz im Sozialbereich: Forum Caritas Aargau"},"content":{"rendered":"<p>Bereits seit einigen Jahren werden die <strong>Chancen und Risiken des Einsatzes K\u00fcnstlicher Intelligenz<\/strong> vielfach diskutiert (<a href=\"https:\/\/www.zh.ch\/content\/dam\/zhweb\/bilder-dokumente\/organisation\/direktion-der-justiz-und-des-innern\/statistisches-amt\/KI%20Pilot%20Bericht_V2.0.pdf\">u.a. hier<\/a>); ein Thema, das mit dem breiten Einsatz generativer K\u00fcnstlicher Intelligenz noch mehr an Aktualit\u00e4t gewonnen hat.<\/p>\n<p>Am 16. Mai 2024 hat <strong>Caritas Aargau<\/strong> in Aarau eine Veranstaltung zu eben diesem Thema organisiert, in deren Rahmen <a href=\"https:\/\/publicsector.ch\/en\/team\/catherine-egli\/\">Catherine Egli<\/a> als Rechtsexpertin an der Podiumsdiskussion teilnahm; dies nebst Yannick Berner, Marcel Waldvogel und Ruth Treyer.<\/p>\n<p>In den Diskussionen wird das <strong>Potenzial<\/strong> von KI dabei meist in der Entlastung von Arbeitsprozessen und allgemeinen Effizienzsteigerung sowie in der verbesserten Servicequalit\u00e4t (etwa durch Chatbots) gesehen. Als <strong>Risiken<\/strong> werden besonders das Diskriminierungspotenzial, Verst\u00f6sse gegen Datenschutz und Datensicherheit, die Manipulationsm\u00f6glichkeiten (etwa durch Halluzinationen), fehlende Transparenz (etwa durch mangelnde Nachvollziehbarkeit der KI-generierten Inhalten) sowie die Haftungsfrage im Fall eines Schadens genannt.<\/p>\n<p>Bei diesem Diskurs gilt es jedoch zu betonen, dass der Einsatz von KI in der Regel <a href=\"https:\/\/dsi.uzh.ch\/dam\/jcr:3a0cb402-c3b3-4360-9332-f800895fdc58\/dsi-strategy-lab-21-de.pdf\"><strong>nicht zu v\u00f6llig neuen Herausforderungen f\u00fchrt<\/strong><\/a>. Die genannten Risiken sind meist bestehende gesellschaftliche Herausforderungen, die durch den Einsatz von KI allenfalls besser sichtbar werden oder neues Gewicht erhalten, was sich insbesondere im Kontext der Diskriminierungsthematik zeigt. Dies bedeutet auch, dass in der Schweiz trotz mangelndem \u00abKI-Gesetz\u00bb, wie etwa k\u00fcrzlich von der Europ\u00e4ische Union erlassen, nicht etwa ein Vakuum an rechtlichen Rahmenbedingungen besteht. Vielmehr ist die bestehende Rechtsordnung anwendbar.<\/p>\n<p>Der vermehrte Einsatz von KI ist sowohl in der Privatwirtschaft als auch in der Verwaltung eine Tatsache. Bei der Diskussion um das Potenzial und die Risiken von KI ist die zentrale Frage daher nicht, <em>ob<\/em> KI angewendet werden soll, sondern <em>wie<\/em>. In welchen Bereichen soll KI eingesetzt werden d\u00fcrfen und m\u00f6chten wir gewisse Arten von KI-Anwendungen verbieten oder einschr\u00e4nken? Welche (zus\u00e4tzlichen) Pflichten sollen beim Einsatz von KI anwendbar sein und welche Restrisiken sind wir als Gesellschaft bereit zu tragen?<\/p>\n<p>Um diese Fragen zu beantworten, sollten nicht nur passiv die Entwicklungen in der Europ\u00e4ischen Union beobachtet werden, sondern auch <strong>aktiv ein gesellschaftlicher sowie politischer Diskurs in der Schweiz gef\u00f6rdert werden<\/strong> (umso gespannter warten wir auf den <a href=\"https:\/\/www.admin.ch\/gov\/de\/start\/dokumentation\/medienmitteilungen.msg-id-98791.html\">Bericht des Bundesrates zum regulatorischen Handlungsbedarf<\/a>). Darauf basierend k\u00f6nnen und m\u00fcssen anschliessend unsere rechtlichen Rahmenbedingungen angepasst werden, w\u00e4hrend der Fokus auf die digitalen Kompetenzen der gesamten Bev\u00f6lkerung nie verloren gehen darf.<\/p>","protected":false},"excerpt":{"rendered":"<p>Bereits seit einigen Jahren werden die Chancen und Risiken des Einsatzes K\u00fcnstlicher Intelligenz vielfach diskutiert (u.a. hier); ein Thema, das mit dem breiten Einsatz generativer K\u00fcnstlicher Intelligenz noch mehr an Aktualit\u00e4t gewonnen hat. Am 16. Mai 2024 hat Caritas Aargau in Aarau eine Veranstaltung zu eben diesem Thema organisiert, in deren Rahmen Catherine Egli als [&hellip;]<\/p>\n","protected":false},"author":9,"featured_media":348469,"comment_status":"closed","ping_status":"open","sticky":false,"template":"","format":"standard","meta":{"footnotes":""},"categories":[21,24,25,101,20],"tags":[105,55,106,68],"class_list":["post-348468","post","type-post","status-publish","format-standard","has-post-thumbnail","hentry","category-datenschutz","category-egovernment","category-grundrechte","category-job","category-regulierung-im-digitalen-zeitalter","tag-ai","tag-der-digitale-staat","tag-ki","tag-kunstliche-intelligenz"],"_links":{"self":[{"href":"https:\/\/publicsector.ch\/en\/wp-json\/wp\/v2\/posts\/348468","targetHints":{"allow":["GET"]}}],"collection":[{"href":"https:\/\/publicsector.ch\/en\/wp-json\/wp\/v2\/posts"}],"about":[{"href":"https:\/\/publicsector.ch\/en\/wp-json\/wp\/v2\/types\/post"}],"author":[{"embeddable":true,"href":"https:\/\/publicsector.ch\/en\/wp-json\/wp\/v2\/users\/9"}],"replies":[{"embeddable":true,"href":"https:\/\/publicsector.ch\/en\/wp-json\/wp\/v2\/comments?post=348468"}],"version-history":[{"count":5,"href":"https:\/\/publicsector.ch\/en\/wp-json\/wp\/v2\/posts\/348468\/revisions"}],"predecessor-version":[{"id":348478,"href":"https:\/\/publicsector.ch\/en\/wp-json\/wp\/v2\/posts\/348468\/revisions\/348478"}],"wp:featuredmedia":[{"embeddable":true,"href":"https:\/\/publicsector.ch\/en\/wp-json\/wp\/v2\/media\/348469"}],"wp:attachment":[{"href":"https:\/\/publicsector.ch\/en\/wp-json\/wp\/v2\/media?parent=348468"}],"wp:term":[{"taxonomy":"category","embeddable":true,"href":"https:\/\/publicsector.ch\/en\/wp-json\/wp\/v2\/categories?post=348468"},{"taxonomy":"post_tag","embeddable":true,"href":"https:\/\/publicsector.ch\/en\/wp-json\/wp\/v2\/tags?post=348468"}],"curies":[{"name":"wp","href":"https:\/\/api.w.org\/{rel}","templated":true}]}}