{"id":345,"date":"2022-02-06T08:11:21","date_gmt":"2022-02-06T08:11:21","guid":{"rendered":"https:\/\/publicsector.ch\/herausforderung-datenschutz-fur-den-offentlichen-sektor-345"},"modified":"2024-04-29T08:19:21","modified_gmt":"2024-04-29T08:19:21","slug":"herausforderung-datenschutz-fur-den-offentlichen-sektor-345","status":"publish","type":"post","link":"https:\/\/publicsector.ch\/en\/herausforderung-datenschutz-fur-den-offentlichen-sektor-345\/","title":{"rendered":"Herausforderung Datenschutz f\u00fcr den \u00f6ffentlichen Sektor"},"content":{"rendered":"<p>Esther Zysset durfte an der j\u00e4hrlichen Datenschutz-Tagung des Europainstituts an der Universit\u00e4t Z\u00fcrich am 1. Februar 2022 eine Pr\u00e4sentation halten zu Herausforderungen des Datenschutzes im \u00f6ffentlichen Sektor. Nebst einer \u00dcbersicht zum komplexen Zusammenspiel zwischen internationalen Datenschutzvorgaben und dem \u00f6ffentlichen Datenschutz in Bund und Kantonen durften \u00dcberlegungen zum im \u00f6ffentlichen Sektor omnipr\u00e4senten Legalit\u00e4tsprinzip nicht fehlen: Wie muss die gesetzliche Grundlage f\u00fcr die Bearbeitung von Personendaten aussehen und wann kann eine Beh\u00f6rde darauf verzichten? K\u00f6nnen Newsletter mit Einwilligung verschickt werden oder braucht es auch daf\u00fcr eine gesetzliche Grundlage? Die Folien des Vortrags k\u00f6nnen bei Interesse gerne bei uns bezogen werden. Und auch \u00fcber eine Diskussion zu Newslettern, gesetzlichen Grundlagen und der digitalen Transformation des Staats freuen wir uns ausserordentlich \u2013 kommen Sie mit uns ins Gespr\u00e4ch, z.B. via  zysset@publicsector.ch! <\/p><\/p>","protected":false},"excerpt":{"rendered":"<p>Esther Zysset durfte an der j\u00e4hrlichen Datenschutz-Tagung des Europainstituts an der Universit\u00e4t Z\u00fcrich am 1. Februar 2022 eine Pr\u00e4sentation halten zu Herausforderungen des Datenschutzes im \u00f6ffentlichen Sektor. Nebst einer \u00dcbersicht [\u2026]<\/p>\n","protected":false},"author":7,"featured_media":345000,"comment_status":"closed","ping_status":"open","sticky":false,"template":"","format":"standard","meta":{"footnotes":""},"categories":[21],"tags":[39,40,41],"class_list":["post-345","post","type-post","status-publish","format-standard","has-post-thumbnail","hentry","category-datenschutz","tag-data-protection","tag-kantonales-recht","tag-public-sector"],"_links":{"self":[{"href":"https:\/\/publicsector.ch\/en\/wp-json\/wp\/v2\/posts\/345","targetHints":{"allow":["GET"]}}],"collection":[{"href":"https:\/\/publicsector.ch\/en\/wp-json\/wp\/v2\/posts"}],"about":[{"href":"https:\/\/publicsector.ch\/en\/wp-json\/wp\/v2\/types\/post"}],"author":[{"embeddable":true,"href":"https:\/\/publicsector.ch\/en\/wp-json\/wp\/v2\/users\/7"}],"replies":[{"embeddable":true,"href":"https:\/\/publicsector.ch\/en\/wp-json\/wp\/v2\/comments?post=345"}],"version-history":[{"count":1,"href":"https:\/\/publicsector.ch\/en\/wp-json\/wp\/v2\/posts\/345\/revisions"}],"predecessor-version":[{"id":348449,"href":"https:\/\/publicsector.ch\/en\/wp-json\/wp\/v2\/posts\/345\/revisions\/348449"}],"wp:featuredmedia":[{"embeddable":true,"href":"https:\/\/publicsector.ch\/en\/wp-json\/wp\/v2\/media\/345000"}],"wp:attachment":[{"href":"https:\/\/publicsector.ch\/en\/wp-json\/wp\/v2\/media?parent=345"}],"wp:term":[{"taxonomy":"category","embeddable":true,"href":"https:\/\/publicsector.ch\/en\/wp-json\/wp\/v2\/categories?post=345"},{"taxonomy":"post_tag","embeddable":true,"href":"https:\/\/publicsector.ch\/en\/wp-json\/wp\/v2\/tags?post=345"}],"curies":[{"name":"wp","href":"https:\/\/api.w.org\/{rel}","templated":true}]}}