{"id":332,"date":"2021-12-15T07:39:38","date_gmt":"2021-12-15T07:39:38","guid":{"rendered":"https:\/\/publicsector.ch\/ich-suche-dich-juristin-oder-anwalt-anwaltin-30-40-332"},"modified":"2024-04-29T08:19:34","modified_gmt":"2024-04-29T08:19:34","slug":"ich-suche-dich-juristin-oder-anwalt-anwaltin-30-40-332","status":"publish","type":"post","link":"https:\/\/publicsector.ch\/en\/ich-suche-dich-juristin-oder-anwalt-anwaltin-30-40-332\/","title":{"rendered":"Ich suche dich! \u2013 Jurist*in oder Anwalt\/Anw\u00e4ltin, 30-40%"},"content":{"rendered":"<p><em>Befristet auf ein Jahr, mit Option auf Verl\u00e4ngerung<\/em><\/p>\n<ul>\n<li>Arbeitsort: Home office\/remote, einzelne Tage oder Sitzungen vor Ort bei Klientschaft (vornehmlich Raum Z\u00fcrich\/Aargau)<\/li>\n<li>Beginn: zeitnah nach Vereinbarung<\/li>\n<li>Bewerbungsfrist: 15. Januar 2022<\/li>\n<\/ul>\n<p>Wir sind eine kleine, moderne und aufstrebende Anwaltskanzlei, spezialisiert auf den \u00f6ffentlichen Sektor und das \u00f6ffentliche Recht. Ich (Esther Zysset) bin im Datenschutzrecht t\u00e4tig, erstelle Rechtsgutachten und \u00fcbernehme allgemeine T\u00e4tigkeiten eines Rechtsdienstes im \u00f6ffentlichen Sektor (Vertr\u00e4ge, Gesetzgebung, juristische Abkl\u00e4rungen, etc.). Zur Unterst\u00fctzung in diesen T\u00e4tigkeiten sowie auch beim Business development (Blogposts, Mitarbeit an juristischen Publikationen, ggf. weitere Marketingt\u00e4tigkeiten) suche ich dich:<\/p>\n<ul>\n<li>Jurist*in oder Anwalt\/Anw\u00e4ltin mit mind. einem Jahr Arbeitserfahrung;<\/li>\n<li>Kompletter Master- und Bachelorabschluss in Rechtswissenschaften einer schweizerischen Hochschule;<\/li>\n<li>Idealerweise Erfahrung im \u00f6ffentlichen Recht und im Datenschutzrecht, ggf. auch Projektmanagement;<\/li>\n<li>Interesse f\u00fcr die obengenannten Rechtsthemen sowie f\u00fcr Legal Marketing;<\/li>\n<li>Einwandfreie Deutschkenntnisse;<\/li>\n<li>Dynamische, serviceorientierte Pers\u00f6nlichkeit mit exzellenten Umgangsformen;<\/li>\n<li>Rasche Auffassungsgabe und effiziente, exakte Arbeitsweise;<\/li>\n<li>Offen f\u00fcr Neues.<\/li>\n<\/ul>\n<p>Ich biete ein flexibles, freundliches Arbeitsumfeld, zeitgem\u00e4sse Arbeitsbedingungen sowie die M\u00f6glichkeit, bei Interesse zus\u00e4tzliche Aufgaben zu \u00fcbernehmen und dich weiterzuentwickeln. F\u00fcr Fragen stehe ich zur Verf\u00fcgung und freue mich auf deine komplette Bewerbung an zysset@publicsector.ch! Bei gleichen Qualifikationen werden Frauen bevorzugt.<\/p>","protected":false},"excerpt":{"rendered":"<p>Befristet auf ein Jahr, mit Option auf Verl\u00e4ngerung Arbeitsort: Home office\/remote, einzelne Tage oder Sitzungen vor Ort bei Klientschaft (vornehmlich Raum Z\u00fcrich\/Aargau) Beginn: zeitnah nach Vereinbarung Bewerbungsfrist: 15. Januar 2022 [\u2026]<\/p>\n","protected":false},"author":7,"featured_media":0,"comment_status":"closed","ping_status":"open","sticky":false,"template":"","format":"standard","meta":{"footnotes":""},"categories":[101],"tags":[47,48,49,50,51,52],"class_list":["post-332","post","type-post","status-publish","format-standard","hentry","category-job","tag-aargau","tag-home-office","tag-jobangebot","tag-juristin","tag-offentliches-recht","tag-zurich"],"_links":{"self":[{"href":"https:\/\/publicsector.ch\/en\/wp-json\/wp\/v2\/posts\/332","targetHints":{"allow":["GET"]}}],"collection":[{"href":"https:\/\/publicsector.ch\/en\/wp-json\/wp\/v2\/posts"}],"about":[{"href":"https:\/\/publicsector.ch\/en\/wp-json\/wp\/v2\/types\/post"}],"author":[{"embeddable":true,"href":"https:\/\/publicsector.ch\/en\/wp-json\/wp\/v2\/users\/7"}],"replies":[{"embeddable":true,"href":"https:\/\/publicsector.ch\/en\/wp-json\/wp\/v2\/comments?post=332"}],"version-history":[{"count":1,"href":"https:\/\/publicsector.ch\/en\/wp-json\/wp\/v2\/posts\/332\/revisions"}],"predecessor-version":[{"id":348451,"href":"https:\/\/publicsector.ch\/en\/wp-json\/wp\/v2\/posts\/332\/revisions\/348451"}],"wp:attachment":[{"href":"https:\/\/publicsector.ch\/en\/wp-json\/wp\/v2\/media?parent=332"}],"wp:term":[{"taxonomy":"category","embeddable":true,"href":"https:\/\/publicsector.ch\/en\/wp-json\/wp\/v2\/categories?post=332"},{"taxonomy":"post_tag","embeddable":true,"href":"https:\/\/publicsector.ch\/en\/wp-json\/wp\/v2\/tags?post=332"}],"curies":[{"name":"wp","href":"https:\/\/api.w.org\/{rel}","templated":true}]}}