{"id":151,"date":"2020-12-07T08:22:10","date_gmt":"2020-12-07T08:22:10","guid":{"rendered":"https:\/\/publicsector.ch\/was-ist-eine-einrichtung-des-offentlichen-rechts-willkommene-klarung-durch-das-bundesgericht-151"},"modified":"2024-04-29T09:36:19","modified_gmt":"2024-04-29T09:36:19","slug":"was-ist-eine-einrichtung-des-offentlichen-rechts-willkommene-klarung-durch-das-bundesgericht-151","status":"publish","type":"post","link":"https:\/\/publicsector.ch\/en\/was-ist-eine-einrichtung-des-offentlichen-rechts-willkommene-klarung-durch-das-bundesgericht-151\/","title":{"rendered":"Was ist eine \u201cEinrichtung des \u00f6ffentlichen Rechts\u201d? Willkommene Kl\u00e4rung durch das Bundesgericht"},"content":{"rendered":"<p>Auf <a href=\"https:\/\/swissblawg.ch\/2020\/12\/2c_1060-2017-oeffentliches-beschaffungsrecht-subjektiver-geltungsbereich-amtl-publikation.html\">swissblawg.ch<\/a> findet sich eine gute Zusammenfassung eines k\u00fcrzlich ergangenen Bundesgerichtsentscheids zum Begriff der \u201cEinrichtung des \u00f6ffentlichen Rechts\u201d im Beschaffungswesen. Der Begriff taucht in vielen Schweizer Gesetzen auf. Gerade im Submissionswesen bestehen aber in der Praxis h\u00e4ufig Missverst\u00e4ndnisse \u00fcber die nicht ganz einfache Figur. Etwa dann, wenn eine Tr\u00e4gerschaft im privatrechtlichen Kleid als Einrichtung des \u00f6ffentlichen Rechts apostrophiert wird. Das Bundesgericht schafft mit dem Urteil eine Kl\u00e4rung. <\/p>","protected":false},"excerpt":{"rendered":"<p>Auf swissblawg.ch findet sich eine gute Zusammenfassung eines k\u00fcrzlich ergangenen Bundesgerichtsentscheids zum Begriff der \u201cEinrichtung des \u00f6ffentlichen Rechts\u201d im Beschaffungswesen. Der Begriff taucht in vielen Schweizer Gesetzen auf. Gerade im [\u2026]<\/p>\n","protected":false},"author":7,"featured_media":0,"comment_status":"closed","ping_status":"open","sticky":false,"template":"","format":"standard","meta":{"footnotes":""},"categories":[19],"tags":[97,84,51,37,52],"class_list":["post-151","post","type-post","status-publish","format-standard","hentry","category-beschaffungsrecht","tag-anwaltskanzlei","tag-beschaffungsrecht","tag-offentliches-recht","tag-verwaltungsrecht","tag-zurich"],"_links":{"self":[{"href":"https:\/\/publicsector.ch\/en\/wp-json\/wp\/v2\/posts\/151","targetHints":{"allow":["GET"]}}],"collection":[{"href":"https:\/\/publicsector.ch\/en\/wp-json\/wp\/v2\/posts"}],"about":[{"href":"https:\/\/publicsector.ch\/en\/wp-json\/wp\/v2\/types\/post"}],"author":[{"embeddable":true,"href":"https:\/\/publicsector.ch\/en\/wp-json\/wp\/v2\/users\/7"}],"replies":[{"embeddable":true,"href":"https:\/\/publicsector.ch\/en\/wp-json\/wp\/v2\/comments?post=151"}],"version-history":[{"count":1,"href":"https:\/\/publicsector.ch\/en\/wp-json\/wp\/v2\/posts\/151\/revisions"}],"predecessor-version":[{"id":348467,"href":"https:\/\/publicsector.ch\/en\/wp-json\/wp\/v2\/posts\/151\/revisions\/348467"}],"wp:attachment":[{"href":"https:\/\/publicsector.ch\/en\/wp-json\/wp\/v2\/media?parent=151"}],"wp:term":[{"taxonomy":"category","embeddable":true,"href":"https:\/\/publicsector.ch\/en\/wp-json\/wp\/v2\/categories?post=151"},{"taxonomy":"post_tag","embeddable":true,"href":"https:\/\/publicsector.ch\/en\/wp-json\/wp\/v2\/tags?post=151"}],"curies":[{"name":"wp","href":"https:\/\/api.w.org\/{rel}","templated":true}]}}